{"id":6723,"date":"2018-12-16T13:54:06","date_gmt":"2018-12-16T10:54:06","guid":{"rendered":"http:\/\/www.emresururi.com\/blogs\/sururi\/?p=6723"},"modified":"2018-12-16T13:54:36","modified_gmt":"2018-12-16T10:54:36","slug":"fistik-yesili-odalar-unamuno-bilbao","status":"publish","type":"post","link":"https:\/\/www.emresururi.com\/blogs\/sururi\/2018\/12\/16\/fistik-yesili-odalar-unamuno-bilbao\/","title":{"rendered":"F\u0131st\u0131k ye\u015fili odalar, Unamuno, Bilbao"},"content":{"rendered":"<figure id=\"attachment_6727\" aria-describedby=\"caption-attachment-6727\" style=\"width: 524px\" class=\"wp-caption aligncenter\"><img decoding=\"async\" loading=\"lazy\" class=\"size-full wp-image-6727\" src=\"https:\/\/www.emresururi.com\/blogs\/sururi\/wp-content\/uploads\/2018\/12\/20181209_182309_bilbo.jpg\" alt=\"\" width=\"524\" height=\"295\" srcset=\"https:\/\/www.emresururi.com\/blogs\/sururi\/wp-content\/uploads\/2018\/12\/20181209_182309_bilbo.jpg 524w, https:\/\/www.emresururi.com\/blogs\/sururi\/wp-content\/uploads\/2018\/12\/20181209_182309_bilbo-300x169.jpg 300w\" sizes=\"(max-width: 524px) 85vw, 524px\" \/><figcaption id=\"caption-attachment-6727\" class=\"wp-caption-text\">Bilbao, aral\u0131k, haz\u0131rl\u0131klar&#8230; 9 y\u0131l \u00f6nce, 9 y\u0131l sonra&#8230;<\/figcaption><\/figure>\n<p><!--more--><\/p>\n<p>9 sene \u00f6nce, 1 Aral\u0131k Sal\u0131 g\u00fcn\u00fc -&#8220;binbir badireyi&#8221; atlat\u0131p-\u00a0<a href=\"https:\/\/www.emresururi.com\/blogs\/sururi\/2009\/12\/05\/ispanya-bask-bilbao-ve-anneannem-husniya\/\">Bilbao&#8217;ya varm\u0131\u015ft\u0131m<\/a>. Havaalan\u0131nda beni Mois ve Danel beni kar\u015f\u0131lam\u0131\u015f, 15 g\u00fcn\u00fcm\u00fc ge\u00e7irece\u011fim Unamuno&#8217;ya b\u0131rakm\u0131\u015flard\u0131 (tek kelime \u0130spanyolca bilmedi\u011fimden, Mois ve Manu Danel&#8217;e <em>g\u00f6lgem olma<\/em> g\u00f6revini vermi\u015flerdi . O 15 g\u00fcn i\u00e7inde g\u00fcnd\u00fczleri Danel&#8217;le ev ar\u0131yor (Beng\u00fc ve Ece&#8217;den 1 ayd\u0131r ayr\u0131yd\u0131m, gelebilmeleri i\u00e7in benim burada bir ev bulup yerle\u015fmem gerekiyordu), ak\u015famlar\u0131 o g\u00fcn ald\u0131\u011f\u0131m &#8220;oyuncak konu\u015fturmacalar\u0131&#8221; Skype \u00fczerinden Ece&#8217;ye oynat\u0131yordum. Hollanda&#8217;daki <em>default<\/em> mesafeli insan ili\u015fkilerinden sonra Unamuno&#8217;da tan\u0131\u015ft\u0131\u011f\u0131m insanlar\u0131n iyili\u011fi beni her defas\u0131nda \u015fa\u015f\u0131rt\u0131yordu. Her g\u00fcn kar\u015f\u0131la\u015ft\u0131\u011f\u0131m bu iyilikleri ak\u015fam Beng\u00fc&#8217;ye anlatmak i\u00e7in defterime yaz\u0131yordum. Sonra nihayet bir ev bulduk, Beng\u00fc ile Ece de -yine bir dolu maceradan sonra- 5 Ocak (Sal\u0131) g\u00fcn\u00fc \u00fc\u00e7 kralla beraber Bilbao&#8217;ya ayak bast\u0131lar. Geli\u015flerini Manularda bekliyorduk: ka\u00e7\u0131r\u0131lan bir s\u00fcr\u00fc u\u00e7ak, havaalan\u0131nda s\u00fcresiz bekleyi\u015f ve \u00e7aresizlikle dolu saatlerden sonra, geceyar\u0131s\u0131 bulunan bir u\u00e7akla nihayet Sondika&#8217;ya indiler. Ece 3 ya\u015f\u0131ndayd\u0131, o ana kadar uykuya direnmeyi ba\u015fard\u0131ysa da arabada uyuyakald\u0131.<\/p>\n<p>Bilbao&#8217;da ac\u0131s\u0131yla tatl\u0131s\u0131yla m\u00fcthi\u015f bir \u00fc\u00e7 y\u0131l ge\u00e7irdik. Severek, \u00e7ok severek ve sevilerek ayr\u0131ld\u0131k. Sonras\u0131nda d\u00fczenli olarak ziyaretlerimize devam ettik (i\u015fte en son yaz\u0131n ailecek \u00e7\u0131karma yapt\u0131k). Temmuzdaki \u00e7al\u0131\u015fmam\u0131zda sunucularda epey kritik bir yenileme karar\u0131 ald\u0131k, buna ba\u011fl\u0131 olarak da i\u015fte bu ay tekrardan gelmem gerekti. D\u00f6nemin ortas\u0131nda en fazla bir hafta ay\u0131rabildim (sa\u011folsunlar, ba\u015fta S\u00fcheyla Hocam olmak \u00fczere, b\u00f6l\u00fcm de ellerinden gelen anlay\u0131\u015f\u0131 ve deste\u011fi g\u00f6sterdi).<\/p>\n<p>Daha \u00f6nceki geli\u015flerimde Nervion Oteli, San Fransisco soka\u011f\u0131ndaki misafirhane ve artistik bbk Talent&#8217;te a\u011f\u0131rland\u0131m ama bu geli\u015fimde, Marian ho\u015f bir s\u00fcrpriz olarak 9 y\u0131l\u0131n ard\u0131ndan <a href=\"https:\/\/www.ehu.eus\/es\/web\/unamuno-ikastetxe-nagusia\">Unamuno&#8217;da<\/a> yer ay\u0131rm\u0131\u015ft\u0131! \u0130\u015fte dokuz y\u0131l\u0131n ard\u0131ndan yine f\u0131st\u0131k ye\u015fili odada ge\u00e7irdim g\u00fcnlerimi.<\/p>\n<p>\u0130\u015fler iyi gitti, a\u011f\u0131rl\u0131kl\u0131 olarak Gemma&#8217;n\u0131n g\u00f6t\u00fcrece\u011fi bir makaleye ba\u015flad\u0131k (Gemma da bu \u015fubatta Karlsruhe&#8217;ye gidiyor \/ \u0130spanyol ailem sa\u011folsunlar, gelece\u011fimi duyunca Madrid&#8217;den o \u00e7ok sevdi\u011fim manolya \u015fekerlerinden yine bir kilo alm\u0131\u015flar benim i\u00e7in 8). \u0130\u015fler \u00e7ok \u015f\u00fck\u00fcr yolunda gitti (gibi g\u00f6r\u00fcn\u00fcyor \u015fimdilik), yeni sisteme ge\u00e7i\u015fi ba\u015far\u0131yla hallettik &#8212; 2010 senesinde yazd\u0131\u011f\u0131m kodlar\u0131 yeni k\u00fct\u00fcphanelere uyarlamak, en ba\u015ftan hat\u0131rlamak garip geldi biraz, yeni derleyeciler eski kodlar\u0131 derlerken epey homurdand\u0131lar ama korktu\u011fumdan \u00e7ok daha p\u00fcr\u00fczs\u00fcz ilerledi.<\/p>\n<p>Danel&#8217;le y\u0131llar\u0131n ard\u0131ndan temmuzdaki ziyaretimde bulu\u015ftuk, hatta bu bulu\u015fmalar\u0131n birinde en sonunda topluca Gemmalar\u0131n k\u00f6y\u00fc Zumaia&#8217;ya gidip, \u0130spanyol ailemi bile ziyaret ettik! Ge\u00e7en ay Danel Ankara&#8217;ya geldi; y\u0131llardan sonra bu kadar s\u0131kl\u0131kla g\u00f6r\u00fc\u015f\u00fcnce, art\u0131k Bilbao&#8217;da g\u00f6r\u00fc\u015fmeyiz, mazallah overdose&#8217;a u\u011frar\u0131z diye \u015fakala\u015f\u0131yorduk ama d\u00fcn de g\u00fczelce bulu\u015ftuk (Danel, Mois, Yuri ve ben). G\u00fcn\u00fcn an\u0131s\u0131na bir foto\u011fraf da \u00e7ektirdik ama tam mafya gibi \u00e7\u0131km\u0131\u015f\u0131z! 8)<\/p>\n<figure id=\"attachment_6725\" aria-describedby=\"caption-attachment-6725\" style=\"width: 531px\" class=\"wp-caption aligncenter\"><img decoding=\"async\" loading=\"lazy\" class=\"size-full wp-image-6725\" src=\"https:\/\/www.emresururi.com\/blogs\/sururi\/wp-content\/uploads\/2018\/12\/20181215_144619_kristallografi_mafyasi-e1544956284988.jpg\" alt=\"\" width=\"531\" height=\"299\" srcset=\"https:\/\/www.emresururi.com\/blogs\/sururi\/wp-content\/uploads\/2018\/12\/20181215_144619_kristallografi_mafyasi-e1544956284988.jpg 531w, https:\/\/www.emresururi.com\/blogs\/sururi\/wp-content\/uploads\/2018\/12\/20181215_144619_kristallografi_mafyasi-e1544956284988-300x169.jpg 300w\" sizes=\"(max-width: 531px) 85vw, 531px\" \/><figcaption id=\"caption-attachment-6725\" class=\"wp-caption-text\">1. Enternasyonel Kristallografi Mafya Bulu\u015fmas\u0131 (Mois (Bulgaristan), Danel (\u0130spanya\/Bask), Yuri (Rusya), Sururi (T\u00fcrkiye) 8)<\/figcaption><\/figure>\n<p>\u015eimdi bir yandan bu giri\u015fi yaz\u0131yor, bir yandan da bavulumu topluyorum. Standard market al\u0131\u015fveri\u015fimi (La Vieja Fabrica ahududu re\u00e7eli; Ortiz Bocquerones; Havarti, Maasdam peynirleri; mango, &#8230;) yapt\u0131m, in\u015fallah a\u011f\u0131rl\u0131kta sorun \u00e7\u0131kmaz (n&#8217;olur \u00e7\u0131kmas\u0131n, n&#8217;olur, n&#8217;olur!&#8230;).<\/p>\n<p>Mois&#8217;e diyordum &#8220;9 senenin ard\u0131ndan bir \u00e7emberi kap\u0131yor gibi hissediyorum&#8221; diye de, &#8220;yok \u00f6yle bir \u015fey!&#8221; dedi (bir keresinde -\u015fimdi arad\u0131m da bulamad\u0131m- ya Nerea&#8217;ya, ya Olatz&#8217;a b\u00f6yle bir \u015fey demi\u015ftim &#8220;Bu son geli\u015fimmi\u015f gibi hissediyorum&#8221; diye de, o zaman da bana Nerea\/Olatz &#8220;yok \u00f6yle bir \u015fey, sana \u00f6yle geliyor!&#8221; demi\u015fti o da (Olatz&#8217;d\u0131 san\u0131r\u0131m), yani anlayaca\u011f\u0131n ey sevgili k\u00e2ri, <a href=\"https:\/\/www.emresururi.com\/blogs\/sururi\/2015\/09\/05\/bilbao-ithere-and-back-againi\/\">gelir bana arada \u00f6yle<\/a> 8) .<\/p>\n<p>\u00d6zetle iyi ge\u00e7ti (ya ba\u015fka nas\u0131l ge\u00e7ecekti ya! 8), ek olarak Julen&#8217;i, Noelia&#8217;y\u0131 da g\u00f6rd\u00fcm, d\u00fcn ak\u015fam bir de Helga&#8217;ya u\u011frad\u0131m, \u00e7ok iyi oldu g\u00f6r\u00fc\u015ft\u00fc\u011f\u00fcm\u00fcz. Art\u0131k d\u00f6nme vakti geldi (<em>cue in ABBA&#8230; dans! m\u00fczik!<\/em>)<\/p>\n<p><img decoding=\"async\" loading=\"lazy\" class=\"aligncenter size-full wp-image-6726\" src=\"https:\/\/www.emresururi.com\/blogs\/sururi\/wp-content\/uploads\/2018\/12\/abba_dq.gif\" alt=\"\" width=\"841\" height=\"462\" \/><\/p>\n","protected":false},"excerpt":{"rendered":"","protected":false},"author":1,"featured_media":0,"comment_status":"open","ping_status":"open","sticky":false,"template":"","format":"standard","meta":[],"categories":[1],"tags":[73],"_links":{"self":[{"href":"https:\/\/www.emresururi.com\/blogs\/sururi\/wp-json\/wp\/v2\/posts\/6723"}],"collection":[{"href":"https:\/\/www.emresururi.com\/blogs\/sururi\/wp-json\/wp\/v2\/posts"}],"about":[{"href":"https:\/\/www.emresururi.com\/blogs\/sururi\/wp-json\/wp\/v2\/types\/post"}],"author":[{"embeddable":true,"href":"https:\/\/www.emresururi.com\/blogs\/sururi\/wp-json\/wp\/v2\/users\/1"}],"replies":[{"embeddable":true,"href":"https:\/\/www.emresururi.com\/blogs\/sururi\/wp-json\/wp\/v2\/comments?post=6723"}],"version-history":[{"count":3,"href":"https:\/\/www.emresururi.com\/blogs\/sururi\/wp-json\/wp\/v2\/posts\/6723\/revisions"}],"predecessor-version":[{"id":6729,"href":"https:\/\/www.emresururi.com\/blogs\/sururi\/wp-json\/wp\/v2\/posts\/6723\/revisions\/6729"}],"wp:attachment":[{"href":"https:\/\/www.emresururi.com\/blogs\/sururi\/wp-json\/wp\/v2\/media?parent=6723"}],"wp:term":[{"taxonomy":"category","embeddable":true,"href":"https:\/\/www.emresururi.com\/blogs\/sururi\/wp-json\/wp\/v2\/categories?post=6723"},{"taxonomy":"post_tag","embeddable":true,"href":"https:\/\/www.emresururi.com\/blogs\/sururi\/wp-json\/wp\/v2\/tags?post=6723"}],"curies":[{"name":"wp","href":"https:\/\/api.w.org\/{rel}","templated":true}]}}